{"id":864,"date":"2015-05-06T10:00:52","date_gmt":"2015-05-06T10:00:52","guid":{"rendered":"http:\/\/iarp.edu.pl\/?p=864"},"modified":"2015-07-15T15:22:04","modified_gmt":"2015-07-15T15:22:04","slug":"xxi-hr-congress-2015","status":"publish","type":"post","link":"https:\/\/iarp.edu.pl\/en\/news\/xxi-hr-congress-2015\/","title":{"rendered":"XXI HR Congress 2015"},"content":{"rendered":"<div dir=\"ltr\"><span class=\"\" lang=\"en\"><span class=\"\" lang=\"en\"><span title=\"W dniach 6-8 maja 2015 r. w Centrum Nauki Kopernik w Warszawie odbywa si\u0119 XXI Kongres Kadry \u2013 wydarzenie skupiaj\u0105ce mened\u017cer\u00f3w zarz\u0105dzania kapita\u0142em ludzkim.&lt;\/p&gt;&lt;br \/&gt;\n&lt;p&gt;\">On 6-8 May 2015, the <strong>XXI HR Congress<\/strong> will be held\u00a0at Copernicus Science Centre in Warsaw &#8211; an event bringing together executives of human capital management.<\/span><\/span><\/span><\/div>\n<div dir=\"ltr\">\u00a0<\/div>\n<div dir=\"ltr\"><span class=\"\" lang=\"en\"><span class=\"\" lang=\"en\"><span title=\"7. maja organizatorzy zaplanowali Dzie\u0144 Dobrych Praktyk, w trakcie kt\u00f3rego b\u0119dzie mo\u017cna pos\u0142ucha\u0107 m.in.\">On May 7, the organizers planned a day of Best Practices, during which one can listen <\/span><span title=\"o diagnozowaniu potrzeb kompetencyjnych w przedsi\u0119biorstwach, podczas dyskusji z udzia\u0142em dra \u0141ukasza Sienkiewicza, Eksperta wiod\u0105cego IARP w obszarze Kapita\u0142 Ludzki i Umiej\u0119tno\u015bci.\">about <strong><span style=\"color: #004882;\">diagnosing competence needs in enterprises during a discussion with Dr. \u0141ukasz Sienkiewicz, IARP Leading Expert in the area of Human Capital and Skills. <\/span><\/strong><span title=\"W debacie wezm\u0105 udzia\u0142 r\u00f3wnie\u017c: Anna W\u0119grzyn, Kierownik Projektu mHR Biuro Projektowania System\u00f3w Cyfrowych oraz Jaros\u0142aw D\u0105browski, Cz\u0142onek Zarz\u0105du, Dyrektor ds. technologii GTECH Poland.&lt;\/p&gt;\n&lt;p&gt;\">The debate will be attended by: Anna Wegrzyn, Project Manager mHR Digital Systems Design Bureau and Jaroslaw Dabrowski, Member of the Board, Director at Technology GTECH Poland.<\/span><\/span><\/span><\/span><\/div>\n<div dir=\"ltr\">\u00a0<\/div>\n<div dir=\"ltr\"><span id=\"result_box\" class=\"\" lang=\"en\"><span title=\"o diagnozowaniu potrzeb kompetencyjnych w przedsi\u0119biorstwach, podczas dyskusji z udzia\u0142em dra \u0141ukasza Sienkiewicza, Eksperta wiod\u0105cego IARP w obszarze Kapita\u0142 Ludzki i Umiej\u0119tno\u015bci.\"><span title=\"S\u0142uchaczom zostanie zaprezentowane rozwi\u0105zanie wypracowane w ramach projektu \u201eKapita\u0142 ludzki jako element warto\u015bci przedsi\u0119biorstwa\u201d Narz\u0119dzie Pomiaru Warto\u015bci Kapita\u0142u Ludzkiego (NKL).\">The audience will be presented with a solution developed within the project <span style=\"color: #004882;\"><strong>Human capital as part of the value of the company: <a href=\"http:\/\/nkl.parp.gov.pl\/\" target=\"_blank\">Tool for Measuring Human Capital Value (NKL)<\/a><\/strong><\/span>. <\/span><span title=\"Zach\u0119camy tak\u017ce do zapoznania si\u0119 z podr\u0119cznikiem dobrych praktyk [link], prezentuj\u0105cym obecnie stosowane rozwi\u0105zania w zakresie pomiaru kapita\u0142u ludzkiego.\">We also encourage you to read the manual of good practices <a href=\"http:\/\/www.parp.gov.pl\/files\/74\/81\/806\/22483.pdf\" class=\"mtli_attachment mtli_pdf\" target=\"_blank\">[link]<\/a>, presenting solutions currently used for measuring human capital.<\/span><\/span><\/span><span id=\"result_box\" lang=\"en\" style=\"color: #004882;\"><\/span><\/div>\n<div dir=\"ltr\">\u00a0<\/div>\n<div dir=\"ltr\">\u00a0<\/div>\n","protected":false},"excerpt":{"rendered":"<p>On 6-8 May 2015, the XXI HR Congress will be held\u00a0at Copernicus Science Centre in Warsaw &#8211; an event bringing together executives of human capital management. \u00a0 On May 7, the organizers planned a day of Best Practices, during which one can listen about diagnosing competence needs in enterprises during a discussion with Dr. \u0141ukasz [&hellip;]<\/p>\n","protected":false},"author":2,"featured_media":0,"comment_status":"closed","ping_status":"closed","sticky":false,"template":"","format":"standard","meta":{"_acf_changed":false,"_monsterinsights_skip_tracking":false,"_monsterinsights_sitenote_active":false,"_monsterinsights_sitenote_note":"","_monsterinsights_sitenote_category":0,"_jetpack_memberships_contains_paid_content":false,"footnotes":""},"categories":[6],"tags":[],"class_list":["post-864","post","type-post","status-publish","format-standard","hentry","category-news"],"acf":[],"yoast_head":"<!-- This site is optimized with the Yoast SEO plugin v19.13 - https:\/\/yoast.com\/wordpress\/plugins\/seo\/ -->\n<title>XXI HR Congress 2015 &ndash; Instytut Analiz Rynku Pracy<\/title>\n<meta name=\"robots\" content=\"index, follow, max-snippet:-1, max-image-preview:large, max-video-preview:-1\" \/>\n<link rel=\"canonical\" href=\"https:\/\/iarp.edu.pl\/en\/news\/xxi-hr-congress-2015\/\" \/>\n<meta property=\"og:locale\" content=\"en_US\" \/>\n<meta property=\"og:type\" content=\"article\" \/>\n<meta property=\"og:title\" content=\"XXI HR Congress 2015 &ndash; Instytut Analiz Rynku Pracy\" \/>\n<meta property=\"og:description\" content=\"On 6-8 May 2015, the XXI HR Congress will be held\u00a0at Copernicus Science Centre in Warsaw &#8211; an event bringing together executives of human capital management. \u00a0 On May 7, the organizers planned a day of Best Practices, during which one can listen about diagnosing competence needs in enterprises during a discussion with Dr. \u0141ukasz [&hellip;]\" \/>\n<meta property=\"og:url\" content=\"https:\/\/iarp.edu.pl\/en\/news\/xxi-hr-congress-2015\/\" \/>\n<meta property=\"og:site_name\" content=\"Instytut Analiz Rynku Pracy\" \/>\n<meta property=\"article:published_time\" content=\"2015-05-06T10:00:52+00:00\" \/>\n<meta property=\"article:modified_time\" content=\"2015-07-15T15:22:04+00:00\" \/>\n<meta name=\"author\" content=\"Paulina Szczepaniak\" \/>\n<meta name=\"twitter:label1\" content=\"Written by\" \/>\n\t<meta name=\"twitter:data1\" content=\"Paulina Szczepaniak\" \/>\n\t<meta name=\"twitter:label2\" content=\"Est. reading time\" \/>\n\t<meta name=\"twitter:data2\" content=\"1 minute\" \/>\n<script type=\"application\/ld+json\" class=\"yoast-schema-graph\">{\"@context\":\"https:\/\/schema.org\",\"@graph\":[{\"@type\":\"Article\",\"@id\":\"https:\/\/iarp.edu.pl\/en\/news\/xxi-hr-congress-2015\/#article\",\"isPartOf\":{\"@id\":\"https:\/\/iarp.edu.pl\/en\/news\/xxi-hr-congress-2015\/\"},\"author\":{\"name\":\"Paulina Szczepaniak\",\"@id\":\"https:\/\/iarp.edu.pl\/#\/schema\/person\/f468755756037c835a56dea1f254da98\"},\"headline\":\"XXI HR Congress 2015\",\"datePublished\":\"2015-05-06T10:00:52+00:00\",\"dateModified\":\"2015-07-15T15:22:04+00:00\",\"mainEntityOfPage\":{\"@id\":\"https:\/\/iarp.edu.pl\/en\/news\/xxi-hr-congress-2015\/\"},\"wordCount\":144,\"publisher\":{\"@id\":\"https:\/\/iarp.edu.pl\/#organization\"},\"articleSection\":[\"News\"],\"inLanguage\":\"en-US\"},{\"@type\":\"WebPage\",\"@id\":\"https:\/\/iarp.edu.pl\/en\/news\/xxi-hr-congress-2015\/\",\"url\":\"https:\/\/iarp.edu.pl\/en\/news\/xxi-hr-congress-2015\/\",\"name\":\"XXI HR Congress 2015 &ndash; Instytut Analiz Rynku Pracy\",\"isPartOf\":{\"@id\":\"https:\/\/iarp.edu.pl\/#website\"},\"datePublished\":\"2015-05-06T10:00:52+00:00\",\"dateModified\":\"2015-07-15T15:22:04+00:00\",\"breadcrumb\":{\"@id\":\"https:\/\/iarp.edu.pl\/en\/news\/xxi-hr-congress-2015\/#breadcrumb\"},\"inLanguage\":\"en-US\",\"potentialAction\":[{\"@type\":\"ReadAction\",\"target\":[\"https:\/\/iarp.edu.pl\/en\/news\/xxi-hr-congress-2015\/\"]}]},{\"@type\":\"BreadcrumbList\",\"@id\":\"https:\/\/iarp.edu.pl\/en\/news\/xxi-hr-congress-2015\/#breadcrumb\",\"itemListElement\":[{\"@type\":\"ListItem\",\"position\":1,\"name\":\"Home\",\"item\":\"https:\/\/iarp.edu.pl\/en\/\"},{\"@type\":\"ListItem\",\"position\":2,\"name\":\"News\",\"item\":\"https:\/\/iarp.edu.pl\/en\/category\/news\/\"},{\"@type\":\"ListItem\",\"position\":3,\"name\":\"XXI HR Congress 2015\"}]},{\"@type\":\"WebSite\",\"@id\":\"https:\/\/iarp.edu.pl\/#website\",\"url\":\"https:\/\/iarp.edu.pl\/\",\"name\":\"Instytut Analiz Rynku Pracy\",\"description\":\"\",\"publisher\":{\"@id\":\"https:\/\/iarp.edu.pl\/#organization\"},\"potentialAction\":[{\"@type\":\"SearchAction\",\"target\":{\"@type\":\"EntryPoint\",\"urlTemplate\":\"https:\/\/iarp.edu.pl\/?s={search_term_string}\"},\"query-input\":\"required name=search_term_string\"}],\"inLanguage\":\"en-US\"},{\"@type\":\"Organization\",\"@id\":\"https:\/\/iarp.edu.pl\/#organization\",\"name\":\"Instytut Analiz Rynku Pracy\",\"url\":\"https:\/\/iarp.edu.pl\/\",\"logo\":{\"@type\":\"ImageObject\",\"inLanguage\":\"en-US\",\"@id\":\"https:\/\/iarp.edu.pl\/#\/schema\/logo\/image\/\",\"url\":\"https:\/\/iarp.edu.pl\/wp-content\/uploads\/2015\/03\/logo_iarp.png\",\"contentUrl\":\"https:\/\/iarp.edu.pl\/wp-content\/uploads\/2015\/03\/logo_iarp.png\",\"width\":500,\"height\":500,\"caption\":\"Instytut Analiz Rynku Pracy\"},\"image\":{\"@id\":\"https:\/\/iarp.edu.pl\/#\/schema\/logo\/image\/\"}},{\"@type\":\"Person\",\"@id\":\"https:\/\/iarp.edu.pl\/#\/schema\/person\/f468755756037c835a56dea1f254da98\",\"name\":\"Paulina Szczepaniak\",\"image\":{\"@type\":\"ImageObject\",\"inLanguage\":\"en-US\",\"@id\":\"https:\/\/iarp.edu.pl\/#\/schema\/person\/image\/\",\"url\":\"https:\/\/secure.gravatar.com\/avatar\/48532fb892347a6b95a023bc8b25df9c76210b2b9edc61adf7dd676759127b91?s=96&d=mm&r=g\",\"contentUrl\":\"https:\/\/secure.gravatar.com\/avatar\/48532fb892347a6b95a023bc8b25df9c76210b2b9edc61adf7dd676759127b91?s=96&d=mm&r=g\",\"caption\":\"Paulina Szczepaniak\"},\"url\":\"https:\/\/iarp.edu.pl\/en\/author\/psz\/\"}]}<\/script>\n<!-- \/ Yoast SEO plugin. -->","yoast_head_json":{"title":"XXI HR Congress 2015 &ndash; Instytut Analiz Rynku Pracy","robots":{"index":"index","follow":"follow","max-snippet":"max-snippet:-1","max-image-preview":"max-image-preview:large","max-video-preview":"max-video-preview:-1"},"canonical":"https:\/\/iarp.edu.pl\/en\/news\/xxi-hr-congress-2015\/","og_locale":"en_US","og_type":"article","og_title":"XXI HR Congress 2015 &ndash; Instytut Analiz Rynku Pracy","og_description":"On 6-8 May 2015, the XXI HR Congress will be held\u00a0at Copernicus Science Centre in Warsaw &#8211; an event bringing together executives of human capital management. \u00a0 On May 7, the organizers planned a day of Best Practices, during which one can listen about diagnosing competence needs in enterprises during a discussion with Dr. \u0141ukasz [&hellip;]","og_url":"https:\/\/iarp.edu.pl\/en\/news\/xxi-hr-congress-2015\/","og_site_name":"Instytut Analiz Rynku Pracy","article_published_time":"2015-05-06T10:00:52+00:00","article_modified_time":"2015-07-15T15:22:04+00:00","author":"Paulina Szczepaniak","twitter_misc":{"Written by":"Paulina Szczepaniak","Est. reading time":"1 minute"},"schema":{"@context":"https:\/\/schema.org","@graph":[{"@type":"Article","@id":"https:\/\/iarp.edu.pl\/en\/news\/xxi-hr-congress-2015\/#article","isPartOf":{"@id":"https:\/\/iarp.edu.pl\/en\/news\/xxi-hr-congress-2015\/"},"author":{"name":"Paulina Szczepaniak","@id":"https:\/\/iarp.edu.pl\/#\/schema\/person\/f468755756037c835a56dea1f254da98"},"headline":"XXI HR Congress 2015","datePublished":"2015-05-06T10:00:52+00:00","dateModified":"2015-07-15T15:22:04+00:00","mainEntityOfPage":{"@id":"https:\/\/iarp.edu.pl\/en\/news\/xxi-hr-congress-2015\/"},"wordCount":144,"publisher":{"@id":"https:\/\/iarp.edu.pl\/#organization"},"articleSection":["News"],"inLanguage":"en-US"},{"@type":"WebPage","@id":"https:\/\/iarp.edu.pl\/en\/news\/xxi-hr-congress-2015\/","url":"https:\/\/iarp.edu.pl\/en\/news\/xxi-hr-congress-2015\/","name":"XXI HR Congress 2015 &ndash; Instytut Analiz Rynku Pracy","isPartOf":{"@id":"https:\/\/iarp.edu.pl\/#website"},"datePublished":"2015-05-06T10:00:52+00:00","dateModified":"2015-07-15T15:22:04+00:00","breadcrumb":{"@id":"https:\/\/iarp.edu.pl\/en\/news\/xxi-hr-congress-2015\/#breadcrumb"},"inLanguage":"en-US","potentialAction":[{"@type":"ReadAction","target":["https:\/\/iarp.edu.pl\/en\/news\/xxi-hr-congress-2015\/"]}]},{"@type":"BreadcrumbList","@id":"https:\/\/iarp.edu.pl\/en\/news\/xxi-hr-congress-2015\/#breadcrumb","itemListElement":[{"@type":"ListItem","position":1,"name":"Home","item":"https:\/\/iarp.edu.pl\/en\/"},{"@type":"ListItem","position":2,"name":"News","item":"https:\/\/iarp.edu.pl\/en\/category\/news\/"},{"@type":"ListItem","position":3,"name":"XXI HR Congress 2015"}]},{"@type":"WebSite","@id":"https:\/\/iarp.edu.pl\/#website","url":"https:\/\/iarp.edu.pl\/","name":"Instytut Analiz Rynku Pracy","description":"","publisher":{"@id":"https:\/\/iarp.edu.pl\/#organization"},"potentialAction":[{"@type":"SearchAction","target":{"@type":"EntryPoint","urlTemplate":"https:\/\/iarp.edu.pl\/?s={search_term_string}"},"query-input":"required name=search_term_string"}],"inLanguage":"en-US"},{"@type":"Organization","@id":"https:\/\/iarp.edu.pl\/#organization","name":"Instytut Analiz Rynku Pracy","url":"https:\/\/iarp.edu.pl\/","logo":{"@type":"ImageObject","inLanguage":"en-US","@id":"https:\/\/iarp.edu.pl\/#\/schema\/logo\/image\/","url":"https:\/\/iarp.edu.pl\/wp-content\/uploads\/2015\/03\/logo_iarp.png","contentUrl":"https:\/\/iarp.edu.pl\/wp-content\/uploads\/2015\/03\/logo_iarp.png","width":500,"height":500,"caption":"Instytut Analiz Rynku Pracy"},"image":{"@id":"https:\/\/iarp.edu.pl\/#\/schema\/logo\/image\/"}},{"@type":"Person","@id":"https:\/\/iarp.edu.pl\/#\/schema\/person\/f468755756037c835a56dea1f254da98","name":"Paulina Szczepaniak","image":{"@type":"ImageObject","inLanguage":"en-US","@id":"https:\/\/iarp.edu.pl\/#\/schema\/person\/image\/","url":"https:\/\/secure.gravatar.com\/avatar\/48532fb892347a6b95a023bc8b25df9c76210b2b9edc61adf7dd676759127b91?s=96&d=mm&r=g","contentUrl":"https:\/\/secure.gravatar.com\/avatar\/48532fb892347a6b95a023bc8b25df9c76210b2b9edc61adf7dd676759127b91?s=96&d=mm&r=g","caption":"Paulina Szczepaniak"},"url":"https:\/\/iarp.edu.pl\/en\/author\/psz\/"}]}},"jetpack_featured_media_url":"","jetpack_sharing_enabled":true,"jetpack_shortlink":"https:\/\/wp.me\/p672jZ-dW","_links":{"self":[{"href":"https:\/\/iarp.edu.pl\/en\/wp-json\/wp\/v2\/posts\/864\/"}],"collection":[{"href":"https:\/\/iarp.edu.pl\/en\/wp-json\/wp\/v2\/posts\/"}],"about":[{"href":"https:\/\/iarp.edu.pl\/en\/wp-json\/wp\/v2\/types\/post\/"}],"author":[{"embeddable":true,"href":"https:\/\/iarp.edu.pl\/en\/wp-json\/wp\/v2\/users\/2\/"}],"replies":[{"embeddable":true,"href":"https:\/\/iarp.edu.pl\/en\/wp-json\/wp\/v2\/comments\/?post=864"}],"version-history":[{"count":7,"href":"https:\/\/iarp.edu.pl\/en\/wp-json\/wp\/v2\/posts\/864\/revisions\/"}],"predecessor-version":[{"id":1060,"href":"https:\/\/iarp.edu.pl\/en\/wp-json\/wp\/v2\/posts\/864\/revisions\/1060\/"}],"wp:attachment":[{"href":"https:\/\/iarp.edu.pl\/en\/wp-json\/wp\/v2\/media\/?parent=864"}],"wp:term":[{"taxonomy":"category","embeddable":true,"href":"https:\/\/iarp.edu.pl\/en\/wp-json\/wp\/v2\/categories\/?post=864"},{"taxonomy":"post_tag","embeddable":true,"href":"https:\/\/iarp.edu.pl\/en\/wp-json\/wp\/v2\/tags\/?post=864"}],"curies":[{"name":"wp","href":"https:\/\/api.w.org\/{rel}","templated":true}]}}