{"id":837,"date":"2015-07-01T11:00:11","date_gmt":"2015-07-01T11:00:11","guid":{"rendered":"http:\/\/iarp.edu.pl\/?p=837"},"modified":"2015-07-09T14:59:29","modified_gmt":"2015-07-09T14:59:29","slug":"maciej-gruza","status":"publish","type":"post","link":"https:\/\/iarp.edu.pl\/en\/publications\/maciej-gruza\/","title":{"rendered":"Maciej Gruza"},"content":{"rendered":"<p style=\"text-align: justify;\">Gruza M., Leli\u0144ska K., Dostosowanie polskiej klasyfikacji zawod\u00f3w i specjalno\u015bci do standard\u00f3w UE, w: Praca i polityka spo\u0142eczna wobec wyzwa\u0144 integracji, pod red. Balcerzak-Paradowska B., IPiSS, Warszawa 2003.<\/p>\n<p style=\"text-align: justify;\">Gruza M., Leli\u0144ska K., Stahl J., Nowa Klasyfikacja Zawod\u00f3w i Specjalno\u015bci \u2013 praktyczny przewodnik, IPiSS, Warszawa 2004.<\/p>\n<p style=\"text-align: justify;\">Gruza M., Stahl J., Klasyfikacja Zawod\u00f3w w Wielkiej Brytanii i Polsce \u2013 r\u00f3\u017cne podej\u015bcia do standard\u00f3w europejskich, Polityka spo\u0142eczna nr 2\/2004.<\/p>\n<p style=\"text-align: justify;\">Gruza M., Struktura wewn\u0119trzna wynagrodze\u0144 w sektorze ma\u0142ych i \u015brednich przedsi\u0119biorstw, w: Motywowa\u0107 skutecznie, pod red. Borkowska S., IPiSS, Warszawa 2004.<\/p>\n<p style=\"text-align: justify;\"><!--more--><\/p>\n<p style=\"text-align: justify;\">Gruza M., Soltysi\u0144ska G., Leli\u0144ska K., Zawody szkolnictwa zawodowego \u2013 vademecum informacyjne doradcy zawodowego, MEN, Warszawa 2005.<\/p>\n<p style=\"text-align: justify;\">Juchnowicz M. (red.). M. Gruza, B. Sajkiewicz, A. Jawor, L. Sienkiewicz, Wynagrodzenia w ma\u0142ych i \u015brednich firmach, IPiSS, Warszawa, 2005.<\/p>\n<p style=\"text-align: justify;\">Gruza M., Klasyfikacja zawod\u00f3w i specjalno\u015bci i jej zastosowanie w monitoringu zawod\u00f3w nadwy\u017ckowych i deficytowych \u2013 za\u0142o\u017cenia a rzeczywisto\u015b\u0107, w: Monitoring zawod\u00f3w jako instrument rynku pracy, pod red. Grzesik A., Grygiel P., Humenny G., Instytut Gospodarki Wy\u017cszej Szko\u0142y Informatyki i Zarz\u0105dzania, Rzesz\u00f3w 2006.<\/p>\n<p style=\"text-align: justify;\">Sienkiewicz \u0141. (red), Gruza M. i inni, Standardy kwalifikacji zawodowych wobec wymaga\u0144 rynku pracy, IPiSS, Warszawa 2007.<\/p>\n<p style=\"text-align: justify;\">Sienkiewicz \u0141., Gruza M., Badanie kwalifikacji i kompetencji oczekiwanych przez pracodawc\u00f3w od absolwent\u00f3w kszta\u0142cenia zawodowego, GHK Consulting Ltd., KOWEZiU, Warszawa 2009.<\/p>\n<p style=\"text-align: justify;\">Sienkiewicz L., Gruza M., The Impact of Employee Training on Company Innovation: Research Results, Human Resources Management 2\/2009.<\/p>\n<p style=\"text-align: justify;\">Borkowska S. (red), Gruza M. and others, Creating Innovation in the Organization: The Role of Human Resource Management, IPiSS, Warszawa 2010.<\/p>\n<p style=\"text-align: justify;\">Gruza M., \u201eZatrudnialno\u015b\u0107 absolwent\u00f3w szk\u00f3\u0142 zawodowych\u201d, \u201eKlasyfikacja zawod\u00f3w szkolnictwa zawodowego wyznacznikiem oferty kszta\u0142cenia w szko\u0142ach zawodowych\u201d, \u201eWchodzenie absolwent\u00f3w szk\u00f3\u0142 zawodowych na rynek pracy. Zatrudnieniowy aspekt efektywno\u015bci kszta\u0142cenia szkolnego\u201d [w:] U. Jeruszka (red.) \u201eUnowocze\u015bnianie metod i form kszta\u0142cenia zawodowego. Diagnoza i oczekiwane kierunki zmian\u201d, IPiSS, Warszawa 2012.<\/p>\n","protected":false},"excerpt":{"rendered":"<p>Gruza M., Leli\u0144ska K., Dostosowanie polskiej klasyfikacji zawod\u00f3w i specjalno\u015bci do standard\u00f3w UE, w: Praca i polityka spo\u0142eczna wobec wyzwa\u0144 integracji, pod red. Balcerzak-Paradowska B., IPiSS, Warszawa 2003. Gruza M., Leli\u0144ska K., Stahl J., Nowa Klasyfikacja Zawod\u00f3w i Specjalno\u015bci \u2013 praktyczny przewodnik, IPiSS, Warszawa 2004. Gruza M., Stahl J., Klasyfikacja Zawod\u00f3w w Wielkiej Brytanii i [&hellip;]<\/p>\n","protected":false},"author":2,"featured_media":0,"comment_status":"open","ping_status":"open","sticky":false,"template":"","format":"standard","meta":{"_acf_changed":false,"_monsterinsights_skip_tracking":false,"_monsterinsights_sitenote_active":false,"_monsterinsights_sitenote_note":"","_monsterinsights_sitenote_category":0,"_jetpack_memberships_contains_paid_content":false,"footnotes":""},"categories":[7],"tags":[],"class_list":["post-837","post","type-post","status-publish","format-standard","hentry","category-publications"],"acf":[],"yoast_head":"<!-- This site is optimized with the Yoast SEO plugin v19.13 - https:\/\/yoast.com\/wordpress\/plugins\/seo\/ -->\n<title>Maciej Gruza &ndash; Instytut Analiz Rynku Pracy<\/title>\n<meta name=\"robots\" content=\"index, follow, max-snippet:-1, max-image-preview:large, max-video-preview:-1\" \/>\n<link rel=\"canonical\" href=\"https:\/\/iarp.edu.pl\/en\/publications\/maciej-gruza\/\" \/>\n<meta property=\"og:locale\" content=\"en_US\" \/>\n<meta property=\"og:type\" content=\"article\" \/>\n<meta property=\"og:title\" content=\"Maciej Gruza &ndash; Instytut Analiz Rynku Pracy\" \/>\n<meta property=\"og:description\" content=\"Gruza M., Leli\u0144ska K., Dostosowanie polskiej klasyfikacji zawod\u00f3w i specjalno\u015bci do standard\u00f3w UE, w: Praca i polityka spo\u0142eczna wobec wyzwa\u0144 integracji, pod red. Balcerzak-Paradowska B., IPiSS, Warszawa 2003. Gruza M., Leli\u0144ska K., Stahl J., Nowa Klasyfikacja Zawod\u00f3w i Specjalno\u015bci \u2013 praktyczny przewodnik, IPiSS, Warszawa 2004. Gruza M., Stahl J., Klasyfikacja Zawod\u00f3w w Wielkiej Brytanii i [&hellip;]\" \/>\n<meta property=\"og:url\" content=\"https:\/\/iarp.edu.pl\/en\/publications\/maciej-gruza\/\" \/>\n<meta property=\"og:site_name\" content=\"Instytut Analiz Rynku Pracy\" \/>\n<meta property=\"article:published_time\" content=\"2015-07-01T11:00:11+00:00\" \/>\n<meta property=\"article:modified_time\" content=\"2015-07-09T14:59:29+00:00\" \/>\n<meta name=\"author\" content=\"Paulina Szczepaniak\" \/>\n<meta name=\"twitter:label1\" content=\"Written by\" \/>\n\t<meta name=\"twitter:data1\" content=\"Paulina Szczepaniak\" \/>\n\t<meta name=\"twitter:label2\" content=\"Est. reading time\" \/>\n\t<meta name=\"twitter:data2\" content=\"2 minutes\" \/>\n<script type=\"application\/ld+json\" class=\"yoast-schema-graph\">{\"@context\":\"https:\/\/schema.org\",\"@graph\":[{\"@type\":\"Article\",\"@id\":\"https:\/\/iarp.edu.pl\/en\/publications\/maciej-gruza\/#article\",\"isPartOf\":{\"@id\":\"https:\/\/iarp.edu.pl\/en\/publications\/maciej-gruza\/\"},\"author\":{\"name\":\"Paulina Szczepaniak\",\"@id\":\"https:\/\/iarp.edu.pl\/#\/schema\/person\/f468755756037c835a56dea1f254da98\"},\"headline\":\"Maciej Gruza\",\"datePublished\":\"2015-07-01T11:00:11+00:00\",\"dateModified\":\"2015-07-09T14:59:29+00:00\",\"mainEntityOfPage\":{\"@id\":\"https:\/\/iarp.edu.pl\/en\/publications\/maciej-gruza\/\"},\"wordCount\":316,\"commentCount\":0,\"publisher\":{\"@id\":\"https:\/\/iarp.edu.pl\/#organization\"},\"articleSection\":[\"Publications\"],\"inLanguage\":\"en-US\",\"potentialAction\":[{\"@type\":\"CommentAction\",\"name\":\"Comment\",\"target\":[\"https:\/\/iarp.edu.pl\/en\/publications\/maciej-gruza\/#respond\"]}]},{\"@type\":\"WebPage\",\"@id\":\"https:\/\/iarp.edu.pl\/en\/publications\/maciej-gruza\/\",\"url\":\"https:\/\/iarp.edu.pl\/en\/publications\/maciej-gruza\/\",\"name\":\"Maciej Gruza &ndash; Instytut Analiz Rynku Pracy\",\"isPartOf\":{\"@id\":\"https:\/\/iarp.edu.pl\/#website\"},\"datePublished\":\"2015-07-01T11:00:11+00:00\",\"dateModified\":\"2015-07-09T14:59:29+00:00\",\"breadcrumb\":{\"@id\":\"https:\/\/iarp.edu.pl\/en\/publications\/maciej-gruza\/#breadcrumb\"},\"inLanguage\":\"en-US\",\"potentialAction\":[{\"@type\":\"ReadAction\",\"target\":[\"https:\/\/iarp.edu.pl\/en\/publications\/maciej-gruza\/\"]}]},{\"@type\":\"BreadcrumbList\",\"@id\":\"https:\/\/iarp.edu.pl\/en\/publications\/maciej-gruza\/#breadcrumb\",\"itemListElement\":[{\"@type\":\"ListItem\",\"position\":1,\"name\":\"Home\",\"item\":\"https:\/\/iarp.edu.pl\/en\/\"},{\"@type\":\"ListItem\",\"position\":2,\"name\":\"Publications\",\"item\":\"https:\/\/iarp.edu.pl\/en\/category\/publications\/\"},{\"@type\":\"ListItem\",\"position\":3,\"name\":\"Maciej Gruza\"}]},{\"@type\":\"WebSite\",\"@id\":\"https:\/\/iarp.edu.pl\/#website\",\"url\":\"https:\/\/iarp.edu.pl\/\",\"name\":\"Instytut Analiz Rynku Pracy\",\"description\":\"\",\"publisher\":{\"@id\":\"https:\/\/iarp.edu.pl\/#organization\"},\"potentialAction\":[{\"@type\":\"SearchAction\",\"target\":{\"@type\":\"EntryPoint\",\"urlTemplate\":\"https:\/\/iarp.edu.pl\/?s={search_term_string}\"},\"query-input\":\"required name=search_term_string\"}],\"inLanguage\":\"en-US\"},{\"@type\":\"Organization\",\"@id\":\"https:\/\/iarp.edu.pl\/#organization\",\"name\":\"Instytut Analiz Rynku Pracy\",\"url\":\"https:\/\/iarp.edu.pl\/\",\"logo\":{\"@type\":\"ImageObject\",\"inLanguage\":\"en-US\",\"@id\":\"https:\/\/iarp.edu.pl\/#\/schema\/logo\/image\/\",\"url\":\"https:\/\/iarp.edu.pl\/wp-content\/uploads\/2015\/03\/logo_iarp.png\",\"contentUrl\":\"https:\/\/iarp.edu.pl\/wp-content\/uploads\/2015\/03\/logo_iarp.png\",\"width\":500,\"height\":500,\"caption\":\"Instytut Analiz Rynku Pracy\"},\"image\":{\"@id\":\"https:\/\/iarp.edu.pl\/#\/schema\/logo\/image\/\"}},{\"@type\":\"Person\",\"@id\":\"https:\/\/iarp.edu.pl\/#\/schema\/person\/f468755756037c835a56dea1f254da98\",\"name\":\"Paulina Szczepaniak\",\"image\":{\"@type\":\"ImageObject\",\"inLanguage\":\"en-US\",\"@id\":\"https:\/\/iarp.edu.pl\/#\/schema\/person\/image\/\",\"url\":\"https:\/\/secure.gravatar.com\/avatar\/48532fb892347a6b95a023bc8b25df9c76210b2b9edc61adf7dd676759127b91?s=96&d=mm&r=g\",\"contentUrl\":\"https:\/\/secure.gravatar.com\/avatar\/48532fb892347a6b95a023bc8b25df9c76210b2b9edc61adf7dd676759127b91?s=96&d=mm&r=g\",\"caption\":\"Paulina Szczepaniak\"},\"url\":\"https:\/\/iarp.edu.pl\/en\/author\/psz\/\"}]}<\/script>\n<!-- \/ Yoast SEO plugin. -->","yoast_head_json":{"title":"Maciej Gruza &ndash; Instytut Analiz Rynku Pracy","robots":{"index":"index","follow":"follow","max-snippet":"max-snippet:-1","max-image-preview":"max-image-preview:large","max-video-preview":"max-video-preview:-1"},"canonical":"https:\/\/iarp.edu.pl\/en\/publications\/maciej-gruza\/","og_locale":"en_US","og_type":"article","og_title":"Maciej Gruza &ndash; Instytut Analiz Rynku Pracy","og_description":"Gruza M., Leli\u0144ska K., Dostosowanie polskiej klasyfikacji zawod\u00f3w i specjalno\u015bci do standard\u00f3w UE, w: Praca i polityka spo\u0142eczna wobec wyzwa\u0144 integracji, pod red. Balcerzak-Paradowska B., IPiSS, Warszawa 2003. Gruza M., Leli\u0144ska K., Stahl J., Nowa Klasyfikacja Zawod\u00f3w i Specjalno\u015bci \u2013 praktyczny przewodnik, IPiSS, Warszawa 2004. Gruza M., Stahl J., Klasyfikacja Zawod\u00f3w w Wielkiej Brytanii i [&hellip;]","og_url":"https:\/\/iarp.edu.pl\/en\/publications\/maciej-gruza\/","og_site_name":"Instytut Analiz Rynku Pracy","article_published_time":"2015-07-01T11:00:11+00:00","article_modified_time":"2015-07-09T14:59:29+00:00","author":"Paulina Szczepaniak","twitter_misc":{"Written by":"Paulina Szczepaniak","Est. reading time":"2 minutes"},"schema":{"@context":"https:\/\/schema.org","@graph":[{"@type":"Article","@id":"https:\/\/iarp.edu.pl\/en\/publications\/maciej-gruza\/#article","isPartOf":{"@id":"https:\/\/iarp.edu.pl\/en\/publications\/maciej-gruza\/"},"author":{"name":"Paulina Szczepaniak","@id":"https:\/\/iarp.edu.pl\/#\/schema\/person\/f468755756037c835a56dea1f254da98"},"headline":"Maciej Gruza","datePublished":"2015-07-01T11:00:11+00:00","dateModified":"2015-07-09T14:59:29+00:00","mainEntityOfPage":{"@id":"https:\/\/iarp.edu.pl\/en\/publications\/maciej-gruza\/"},"wordCount":316,"commentCount":0,"publisher":{"@id":"https:\/\/iarp.edu.pl\/#organization"},"articleSection":["Publications"],"inLanguage":"en-US","potentialAction":[{"@type":"CommentAction","name":"Comment","target":["https:\/\/iarp.edu.pl\/en\/publications\/maciej-gruza\/#respond"]}]},{"@type":"WebPage","@id":"https:\/\/iarp.edu.pl\/en\/publications\/maciej-gruza\/","url":"https:\/\/iarp.edu.pl\/en\/publications\/maciej-gruza\/","name":"Maciej Gruza &ndash; Instytut Analiz Rynku Pracy","isPartOf":{"@id":"https:\/\/iarp.edu.pl\/#website"},"datePublished":"2015-07-01T11:00:11+00:00","dateModified":"2015-07-09T14:59:29+00:00","breadcrumb":{"@id":"https:\/\/iarp.edu.pl\/en\/publications\/maciej-gruza\/#breadcrumb"},"inLanguage":"en-US","potentialAction":[{"@type":"ReadAction","target":["https:\/\/iarp.edu.pl\/en\/publications\/maciej-gruza\/"]}]},{"@type":"BreadcrumbList","@id":"https:\/\/iarp.edu.pl\/en\/publications\/maciej-gruza\/#breadcrumb","itemListElement":[{"@type":"ListItem","position":1,"name":"Home","item":"https:\/\/iarp.edu.pl\/en\/"},{"@type":"ListItem","position":2,"name":"Publications","item":"https:\/\/iarp.edu.pl\/en\/category\/publications\/"},{"@type":"ListItem","position":3,"name":"Maciej Gruza"}]},{"@type":"WebSite","@id":"https:\/\/iarp.edu.pl\/#website","url":"https:\/\/iarp.edu.pl\/","name":"Instytut Analiz Rynku Pracy","description":"","publisher":{"@id":"https:\/\/iarp.edu.pl\/#organization"},"potentialAction":[{"@type":"SearchAction","target":{"@type":"EntryPoint","urlTemplate":"https:\/\/iarp.edu.pl\/?s={search_term_string}"},"query-input":"required name=search_term_string"}],"inLanguage":"en-US"},{"@type":"Organization","@id":"https:\/\/iarp.edu.pl\/#organization","name":"Instytut Analiz Rynku Pracy","url":"https:\/\/iarp.edu.pl\/","logo":{"@type":"ImageObject","inLanguage":"en-US","@id":"https:\/\/iarp.edu.pl\/#\/schema\/logo\/image\/","url":"https:\/\/iarp.edu.pl\/wp-content\/uploads\/2015\/03\/logo_iarp.png","contentUrl":"https:\/\/iarp.edu.pl\/wp-content\/uploads\/2015\/03\/logo_iarp.png","width":500,"height":500,"caption":"Instytut Analiz Rynku Pracy"},"image":{"@id":"https:\/\/iarp.edu.pl\/#\/schema\/logo\/image\/"}},{"@type":"Person","@id":"https:\/\/iarp.edu.pl\/#\/schema\/person\/f468755756037c835a56dea1f254da98","name":"Paulina Szczepaniak","image":{"@type":"ImageObject","inLanguage":"en-US","@id":"https:\/\/iarp.edu.pl\/#\/schema\/person\/image\/","url":"https:\/\/secure.gravatar.com\/avatar\/48532fb892347a6b95a023bc8b25df9c76210b2b9edc61adf7dd676759127b91?s=96&d=mm&r=g","contentUrl":"https:\/\/secure.gravatar.com\/avatar\/48532fb892347a6b95a023bc8b25df9c76210b2b9edc61adf7dd676759127b91?s=96&d=mm&r=g","caption":"Paulina Szczepaniak"},"url":"https:\/\/iarp.edu.pl\/en\/author\/psz\/"}]}},"jetpack_featured_media_url":"","jetpack_sharing_enabled":true,"jetpack_shortlink":"https:\/\/wp.me\/p672jZ-dv","_links":{"self":[{"href":"https:\/\/iarp.edu.pl\/en\/wp-json\/wp\/v2\/posts\/837\/"}],"collection":[{"href":"https:\/\/iarp.edu.pl\/en\/wp-json\/wp\/v2\/posts\/"}],"about":[{"href":"https:\/\/iarp.edu.pl\/en\/wp-json\/wp\/v2\/types\/post\/"}],"author":[{"embeddable":true,"href":"https:\/\/iarp.edu.pl\/en\/wp-json\/wp\/v2\/users\/2\/"}],"replies":[{"embeddable":true,"href":"https:\/\/iarp.edu.pl\/en\/wp-json\/wp\/v2\/comments\/?post=837"}],"version-history":[{"count":2,"href":"https:\/\/iarp.edu.pl\/en\/wp-json\/wp\/v2\/posts\/837\/revisions\/"}],"predecessor-version":[{"id":1006,"href":"https:\/\/iarp.edu.pl\/en\/wp-json\/wp\/v2\/posts\/837\/revisions\/1006\/"}],"wp:attachment":[{"href":"https:\/\/iarp.edu.pl\/en\/wp-json\/wp\/v2\/media\/?parent=837"}],"wp:term":[{"taxonomy":"category","embeddable":true,"href":"https:\/\/iarp.edu.pl\/en\/wp-json\/wp\/v2\/categories\/?post=837"},{"taxonomy":"post_tag","embeddable":true,"href":"https:\/\/iarp.edu.pl\/en\/wp-json\/wp\/v2\/tags\/?post=837"}],"curies":[{"name":"wp","href":"https:\/\/api.w.org\/{rel}","templated":true}]}}