{"id":1211,"date":"2015-09-28T10:00:09","date_gmt":"2015-09-28T10:00:09","guid":{"rendered":"http:\/\/iarp.edu.pl\/en\/?p=1211"},"modified":"2015-09-29T07:16:43","modified_gmt":"2015-09-29T07:16:43","slug":"11th-evaluation-conference-28-29-09-2015-krakow","status":"publish","type":"post","link":"https:\/\/iarp.edu.pl\/en\/news\/11th-evaluation-conference-28-29-09-2015-krakow\/","title":{"rendered":"11th Evaluation Conference &#8211; 28-29.09.2015 Krakow"},"content":{"rendered":"<p>On <strong><span style=\"color: #004882;\">28th-29th September AD in Krakow<\/span><\/strong> takes place the <strong><span style=\"color: #004882;\">11th Evaluation Conference<\/span><\/strong>: <span style=\"color: #004882;\"><em>&#8216;Evaluation of Cohesion Policy&#8217; Results, challenges, solutions<\/em><\/span>. Due to the International Year of Evaluation 2015, the organizers, i.e.\u00a0<span style=\"color: #004882;\">Ministry of Infrastructure and Development, Polish Agency for Enterprise Development and Polish Evaluation Society<\/span>, prepared a programme which enables deeper insight into the ex-post evaluation of cohesion policies of 2007-2013 in Europe, as well as presentations concerning the challenges and opportunities of the 2014-2020 evaluation.<\/p>\n<p><!--more--><\/p>\n<p>&nbsp;<\/p>\n<p><a href=\"http:\/\/iarp.edu.pl\/wp-content\/uploads\/2015\/09\/xi-ewaluacja.jpg\" rel=\"lightbox[1211]\"><img loading=\"lazy\" decoding=\"async\" class=\"aligncenter wp-image-1207 size-large\" src=\"http:\/\/iarp.edu.pl\/wp-content\/uploads\/2015\/09\/xi-ewaluacja-800x450.jpg\" alt=\"\" width=\"800\" height=\"450\" srcset=\"https:\/\/iarp.edu.pl\/wp-content\/uploads\/2015\/09\/xi-ewaluacja-800x450.jpg 800w, https:\/\/iarp.edu.pl\/wp-content\/uploads\/2015\/09\/xi-ewaluacja-300x169.jpg 300w, https:\/\/iarp.edu.pl\/wp-content\/uploads\/2015\/09\/xi-ewaluacja.jpg 888w\" sizes=\"auto, (max-width: 800px) 100vw, 800px\" \/><\/a><\/p>\n<p>&nbsp;<\/p>\n<p><span id=\"result_box\" class=\"\" lang=\"en\" tabindex=\"-1\"><span class=\"hps\">As part of the<\/span> <span class=\"hps\">continuous professional development, IARP Experts take part in the conference as well as in the <\/span><span class=\"hps\">accompanying<\/span> <span class=\"hps\">workshops<\/span>, <span class=\"hps\">so as to remain<\/span> <span class=\"hps\">up to datewith the latest<\/span> <span class=\"hps\">trends<\/span> <span class=\"hps\">in the evaluation of<\/span> <span class=\"hps\">public policies,<\/span> <span class=\"hps\">the use of<\/span> <span class=\"hps\">Big Data<\/span> <span class=\"hps\">in the public sector<\/span> <span class=\"hps\">and<\/span> <span class=\"hps\">new technologies<\/span> <span class=\"hps\">that can be used<\/span> <span class=\"hps\">in the study<\/span> <span class=\"hps\">(Fig.<\/span> <span class=\"hps\">1).<\/span><\/span><\/p>\n<p>&nbsp;<\/p>\n<div id=\"attachment_1208\" class=\"thumbnail aligncenter\"><a href=\"http:\/\/iarp.edu.pl\/wp-content\/uploads\/2015\/09\/xi-konf-ewaluacyjna-warsztat.jpg\" rel=\"lightbox[1211]\"><img loading=\"lazy\" decoding=\"async\" class=\"wp-image-1208 size-full\" src=\"http:\/\/iarp.edu.pl\/wp-content\/uploads\/2015\/09\/xi-konf-ewaluacyjna-warsztat.jpg\" alt=\"\" width=\"800\" height=\"800\" srcset=\"https:\/\/iarp.edu.pl\/wp-content\/uploads\/2015\/09\/xi-konf-ewaluacyjna-warsztat.jpg 800w, https:\/\/iarp.edu.pl\/wp-content\/uploads\/2015\/09\/xi-konf-ewaluacyjna-warsztat-150x150.jpg 150w, https:\/\/iarp.edu.pl\/wp-content\/uploads\/2015\/09\/xi-konf-ewaluacyjna-warsztat-300x300.jpg 300w\" sizes=\"auto, (max-width: 800px) 100vw, 800px\" \/><\/a><div class=\"caption\">Fig. 1. New technologies used in the studies | Source: www.konferencja-ewaluacja.pl\/2015\/warsztat_4.html<\/div><\/div>\n<p>&nbsp;<\/p>\n<p>For those who might be interested in the public sector evaluation, the organizers publish the presentation materials from the conference &#8211; available here <a href=\"http:\/\/www.konferencja-ewaluacja.pl\/2015\/materialy.html\" target=\"_blank\">[link]<\/a>.<\/p>\n<p>&nbsp;<\/p>\n<p><em><span style=\"color: #999999; font-size: 10pt;\">\u0179r\u00f3d\u0142o: <a href=\"http:\/\/www.konferencja-ewaluacja.pl\/2015\/index_en.html\" target=\"_blank\">www.konferencja-ewaluacja.pl\/2015\/index_en<\/a><\/span><\/em><\/p>\n","protected":false},"excerpt":{"rendered":"<p>On 28th-29th September AD in Krakow takes place the 11th Evaluation Conference: &#8216;Evaluation of Cohesion Policy&#8217; Results, challenges, solutions. Due to the International Year of Evaluation 2015, the organizers, i.e.\u00a0Ministry of Infrastructure and Development, Polish Agency for Enterprise Development and Polish Evaluation Society, prepared a programme which enables deeper insight into the ex-post evaluation of [&hellip;]<\/p>\n","protected":false},"author":2,"featured_media":0,"comment_status":"closed","ping_status":"closed","sticky":false,"template":"","format":"standard","meta":{"_acf_changed":false,"_monsterinsights_skip_tracking":false,"_monsterinsights_sitenote_active":false,"_monsterinsights_sitenote_note":"","_monsterinsights_sitenote_category":0,"_jetpack_memberships_contains_paid_content":false,"footnotes":""},"categories":[6],"tags":[],"class_list":["post-1211","post","type-post","status-publish","format-standard","hentry","category-news"],"acf":[],"yoast_head":"<!-- This site is optimized with the Yoast SEO plugin v19.13 - https:\/\/yoast.com\/wordpress\/plugins\/seo\/ -->\n<title>11th Evaluation Conference - 28-29.09.2015 Krakow &ndash; Instytut Analiz Rynku Pracy<\/title>\n<meta name=\"robots\" content=\"index, follow, max-snippet:-1, max-image-preview:large, max-video-preview:-1\" \/>\n<link rel=\"canonical\" href=\"https:\/\/iarp.edu.pl\/en\/news\/11th-evaluation-conference-28-29-09-2015-krakow\/\" \/>\n<meta property=\"og:locale\" content=\"en_US\" \/>\n<meta property=\"og:type\" content=\"article\" \/>\n<meta property=\"og:title\" content=\"11th Evaluation Conference - 28-29.09.2015 Krakow &ndash; Instytut Analiz Rynku Pracy\" \/>\n<meta property=\"og:description\" content=\"On 28th-29th September AD in Krakow takes place the 11th Evaluation Conference: &#8216;Evaluation of Cohesion Policy&#8217; Results, challenges, solutions. Due to the International Year of Evaluation 2015, the organizers, i.e.\u00a0Ministry of Infrastructure and Development, Polish Agency for Enterprise Development and Polish Evaluation Society, prepared a programme which enables deeper insight into the ex-post evaluation of [&hellip;]\" \/>\n<meta property=\"og:url\" content=\"https:\/\/iarp.edu.pl\/en\/news\/11th-evaluation-conference-28-29-09-2015-krakow\/\" \/>\n<meta property=\"og:site_name\" content=\"Instytut Analiz Rynku Pracy\" \/>\n<meta property=\"article:published_time\" content=\"2015-09-28T10:00:09+00:00\" \/>\n<meta property=\"article:modified_time\" content=\"2015-09-29T07:16:43+00:00\" \/>\n<meta property=\"og:image\" content=\"http:\/\/iarp.edu.pl\/wp-content\/uploads\/2015\/09\/xi-ewaluacja-800x450.jpg\" \/>\n<meta name=\"author\" content=\"Paulina Szczepaniak\" \/>\n<meta name=\"twitter:label1\" content=\"Written by\" \/>\n\t<meta name=\"twitter:data1\" content=\"Paulina Szczepaniak\" \/>\n\t<meta name=\"twitter:label2\" content=\"Est. reading time\" \/>\n\t<meta name=\"twitter:data2\" content=\"1 minute\" \/>\n<script type=\"application\/ld+json\" class=\"yoast-schema-graph\">{\"@context\":\"https:\/\/schema.org\",\"@graph\":[{\"@type\":\"Article\",\"@id\":\"https:\/\/iarp.edu.pl\/en\/news\/11th-evaluation-conference-28-29-09-2015-krakow\/#article\",\"isPartOf\":{\"@id\":\"https:\/\/iarp.edu.pl\/en\/news\/11th-evaluation-conference-28-29-09-2015-krakow\/\"},\"author\":{\"name\":\"Paulina Szczepaniak\",\"@id\":\"https:\/\/iarp.edu.pl\/#\/schema\/person\/f468755756037c835a56dea1f254da98\"},\"headline\":\"11th Evaluation Conference &#8211; 28-29.09.2015 Krakow\",\"datePublished\":\"2015-09-28T10:00:09+00:00\",\"dateModified\":\"2015-09-29T07:16:43+00:00\",\"mainEntityOfPage\":{\"@id\":\"https:\/\/iarp.edu.pl\/en\/news\/11th-evaluation-conference-28-29-09-2015-krakow\/\"},\"wordCount\":196,\"publisher\":{\"@id\":\"https:\/\/iarp.edu.pl\/#organization\"},\"articleSection\":[\"News\"],\"inLanguage\":\"en-US\"},{\"@type\":\"WebPage\",\"@id\":\"https:\/\/iarp.edu.pl\/en\/news\/11th-evaluation-conference-28-29-09-2015-krakow\/\",\"url\":\"https:\/\/iarp.edu.pl\/en\/news\/11th-evaluation-conference-28-29-09-2015-krakow\/\",\"name\":\"11th Evaluation Conference - 28-29.09.2015 Krakow &ndash; Instytut Analiz Rynku Pracy\",\"isPartOf\":{\"@id\":\"https:\/\/iarp.edu.pl\/#website\"},\"datePublished\":\"2015-09-28T10:00:09+00:00\",\"dateModified\":\"2015-09-29T07:16:43+00:00\",\"breadcrumb\":{\"@id\":\"https:\/\/iarp.edu.pl\/en\/news\/11th-evaluation-conference-28-29-09-2015-krakow\/#breadcrumb\"},\"inLanguage\":\"en-US\",\"potentialAction\":[{\"@type\":\"ReadAction\",\"target\":[\"https:\/\/iarp.edu.pl\/en\/news\/11th-evaluation-conference-28-29-09-2015-krakow\/\"]}]},{\"@type\":\"BreadcrumbList\",\"@id\":\"https:\/\/iarp.edu.pl\/en\/news\/11th-evaluation-conference-28-29-09-2015-krakow\/#breadcrumb\",\"itemListElement\":[{\"@type\":\"ListItem\",\"position\":1,\"name\":\"Home\",\"item\":\"https:\/\/iarp.edu.pl\/en\/\"},{\"@type\":\"ListItem\",\"position\":2,\"name\":\"News\",\"item\":\"https:\/\/iarp.edu.pl\/en\/category\/news\/\"},{\"@type\":\"ListItem\",\"position\":3,\"name\":\"11th Evaluation Conference &#8211; 28-29.09.2015 Krakow\"}]},{\"@type\":\"WebSite\",\"@id\":\"https:\/\/iarp.edu.pl\/#website\",\"url\":\"https:\/\/iarp.edu.pl\/\",\"name\":\"Instytut Analiz Rynku Pracy\",\"description\":\"\",\"publisher\":{\"@id\":\"https:\/\/iarp.edu.pl\/#organization\"},\"potentialAction\":[{\"@type\":\"SearchAction\",\"target\":{\"@type\":\"EntryPoint\",\"urlTemplate\":\"https:\/\/iarp.edu.pl\/?s={search_term_string}\"},\"query-input\":\"required name=search_term_string\"}],\"inLanguage\":\"en-US\"},{\"@type\":\"Organization\",\"@id\":\"https:\/\/iarp.edu.pl\/#organization\",\"name\":\"Instytut Analiz Rynku Pracy\",\"url\":\"https:\/\/iarp.edu.pl\/\",\"logo\":{\"@type\":\"ImageObject\",\"inLanguage\":\"en-US\",\"@id\":\"https:\/\/iarp.edu.pl\/#\/schema\/logo\/image\/\",\"url\":\"https:\/\/iarp.edu.pl\/wp-content\/uploads\/2015\/03\/logo_iarp.png\",\"contentUrl\":\"https:\/\/iarp.edu.pl\/wp-content\/uploads\/2015\/03\/logo_iarp.png\",\"width\":500,\"height\":500,\"caption\":\"Instytut Analiz Rynku Pracy\"},\"image\":{\"@id\":\"https:\/\/iarp.edu.pl\/#\/schema\/logo\/image\/\"}},{\"@type\":\"Person\",\"@id\":\"https:\/\/iarp.edu.pl\/#\/schema\/person\/f468755756037c835a56dea1f254da98\",\"name\":\"Paulina Szczepaniak\",\"image\":{\"@type\":\"ImageObject\",\"inLanguage\":\"en-US\",\"@id\":\"https:\/\/iarp.edu.pl\/#\/schema\/person\/image\/\",\"url\":\"https:\/\/secure.gravatar.com\/avatar\/48532fb892347a6b95a023bc8b25df9c76210b2b9edc61adf7dd676759127b91?s=96&d=mm&r=g\",\"contentUrl\":\"https:\/\/secure.gravatar.com\/avatar\/48532fb892347a6b95a023bc8b25df9c76210b2b9edc61adf7dd676759127b91?s=96&d=mm&r=g\",\"caption\":\"Paulina Szczepaniak\"},\"url\":\"https:\/\/iarp.edu.pl\/en\/author\/psz\/\"}]}<\/script>\n<!-- \/ Yoast SEO plugin. -->","yoast_head_json":{"title":"11th Evaluation Conference - 28-29.09.2015 Krakow &ndash; Instytut Analiz Rynku Pracy","robots":{"index":"index","follow":"follow","max-snippet":"max-snippet:-1","max-image-preview":"max-image-preview:large","max-video-preview":"max-video-preview:-1"},"canonical":"https:\/\/iarp.edu.pl\/en\/news\/11th-evaluation-conference-28-29-09-2015-krakow\/","og_locale":"en_US","og_type":"article","og_title":"11th Evaluation Conference - 28-29.09.2015 Krakow &ndash; Instytut Analiz Rynku Pracy","og_description":"On 28th-29th September AD in Krakow takes place the 11th Evaluation Conference: &#8216;Evaluation of Cohesion Policy&#8217; Results, challenges, solutions. Due to the International Year of Evaluation 2015, the organizers, i.e.\u00a0Ministry of Infrastructure and Development, Polish Agency for Enterprise Development and Polish Evaluation Society, prepared a programme which enables deeper insight into the ex-post evaluation of [&hellip;]","og_url":"https:\/\/iarp.edu.pl\/en\/news\/11th-evaluation-conference-28-29-09-2015-krakow\/","og_site_name":"Instytut Analiz Rynku Pracy","article_published_time":"2015-09-28T10:00:09+00:00","article_modified_time":"2015-09-29T07:16:43+00:00","og_image":[{"url":"http:\/\/iarp.edu.pl\/wp-content\/uploads\/2015\/09\/xi-ewaluacja-800x450.jpg"}],"author":"Paulina Szczepaniak","twitter_misc":{"Written by":"Paulina Szczepaniak","Est. reading time":"1 minute"},"schema":{"@context":"https:\/\/schema.org","@graph":[{"@type":"Article","@id":"https:\/\/iarp.edu.pl\/en\/news\/11th-evaluation-conference-28-29-09-2015-krakow\/#article","isPartOf":{"@id":"https:\/\/iarp.edu.pl\/en\/news\/11th-evaluation-conference-28-29-09-2015-krakow\/"},"author":{"name":"Paulina Szczepaniak","@id":"https:\/\/iarp.edu.pl\/#\/schema\/person\/f468755756037c835a56dea1f254da98"},"headline":"11th Evaluation Conference &#8211; 28-29.09.2015 Krakow","datePublished":"2015-09-28T10:00:09+00:00","dateModified":"2015-09-29T07:16:43+00:00","mainEntityOfPage":{"@id":"https:\/\/iarp.edu.pl\/en\/news\/11th-evaluation-conference-28-29-09-2015-krakow\/"},"wordCount":196,"publisher":{"@id":"https:\/\/iarp.edu.pl\/#organization"},"articleSection":["News"],"inLanguage":"en-US"},{"@type":"WebPage","@id":"https:\/\/iarp.edu.pl\/en\/news\/11th-evaluation-conference-28-29-09-2015-krakow\/","url":"https:\/\/iarp.edu.pl\/en\/news\/11th-evaluation-conference-28-29-09-2015-krakow\/","name":"11th Evaluation Conference - 28-29.09.2015 Krakow &ndash; Instytut Analiz Rynku Pracy","isPartOf":{"@id":"https:\/\/iarp.edu.pl\/#website"},"datePublished":"2015-09-28T10:00:09+00:00","dateModified":"2015-09-29T07:16:43+00:00","breadcrumb":{"@id":"https:\/\/iarp.edu.pl\/en\/news\/11th-evaluation-conference-28-29-09-2015-krakow\/#breadcrumb"},"inLanguage":"en-US","potentialAction":[{"@type":"ReadAction","target":["https:\/\/iarp.edu.pl\/en\/news\/11th-evaluation-conference-28-29-09-2015-krakow\/"]}]},{"@type":"BreadcrumbList","@id":"https:\/\/iarp.edu.pl\/en\/news\/11th-evaluation-conference-28-29-09-2015-krakow\/#breadcrumb","itemListElement":[{"@type":"ListItem","position":1,"name":"Home","item":"https:\/\/iarp.edu.pl\/en\/"},{"@type":"ListItem","position":2,"name":"News","item":"https:\/\/iarp.edu.pl\/en\/category\/news\/"},{"@type":"ListItem","position":3,"name":"11th Evaluation Conference &#8211; 28-29.09.2015 Krakow"}]},{"@type":"WebSite","@id":"https:\/\/iarp.edu.pl\/#website","url":"https:\/\/iarp.edu.pl\/","name":"Instytut Analiz Rynku Pracy","description":"","publisher":{"@id":"https:\/\/iarp.edu.pl\/#organization"},"potentialAction":[{"@type":"SearchAction","target":{"@type":"EntryPoint","urlTemplate":"https:\/\/iarp.edu.pl\/?s={search_term_string}"},"query-input":"required name=search_term_string"}],"inLanguage":"en-US"},{"@type":"Organization","@id":"https:\/\/iarp.edu.pl\/#organization","name":"Instytut Analiz Rynku Pracy","url":"https:\/\/iarp.edu.pl\/","logo":{"@type":"ImageObject","inLanguage":"en-US","@id":"https:\/\/iarp.edu.pl\/#\/schema\/logo\/image\/","url":"https:\/\/iarp.edu.pl\/wp-content\/uploads\/2015\/03\/logo_iarp.png","contentUrl":"https:\/\/iarp.edu.pl\/wp-content\/uploads\/2015\/03\/logo_iarp.png","width":500,"height":500,"caption":"Instytut Analiz Rynku Pracy"},"image":{"@id":"https:\/\/iarp.edu.pl\/#\/schema\/logo\/image\/"}},{"@type":"Person","@id":"https:\/\/iarp.edu.pl\/#\/schema\/person\/f468755756037c835a56dea1f254da98","name":"Paulina Szczepaniak","image":{"@type":"ImageObject","inLanguage":"en-US","@id":"https:\/\/iarp.edu.pl\/#\/schema\/person\/image\/","url":"https:\/\/secure.gravatar.com\/avatar\/48532fb892347a6b95a023bc8b25df9c76210b2b9edc61adf7dd676759127b91?s=96&d=mm&r=g","contentUrl":"https:\/\/secure.gravatar.com\/avatar\/48532fb892347a6b95a023bc8b25df9c76210b2b9edc61adf7dd676759127b91?s=96&d=mm&r=g","caption":"Paulina Szczepaniak"},"url":"https:\/\/iarp.edu.pl\/en\/author\/psz\/"}]}},"jetpack_featured_media_url":"","jetpack_sharing_enabled":true,"jetpack_shortlink":"https:\/\/wp.me\/p672jZ-jx","_links":{"self":[{"href":"https:\/\/iarp.edu.pl\/en\/wp-json\/wp\/v2\/posts\/1211\/"}],"collection":[{"href":"https:\/\/iarp.edu.pl\/en\/wp-json\/wp\/v2\/posts\/"}],"about":[{"href":"https:\/\/iarp.edu.pl\/en\/wp-json\/wp\/v2\/types\/post\/"}],"author":[{"embeddable":true,"href":"https:\/\/iarp.edu.pl\/en\/wp-json\/wp\/v2\/users\/2\/"}],"replies":[{"embeddable":true,"href":"https:\/\/iarp.edu.pl\/en\/wp-json\/wp\/v2\/comments\/?post=1211"}],"version-history":[{"count":2,"href":"https:\/\/iarp.edu.pl\/en\/wp-json\/wp\/v2\/posts\/1211\/revisions\/"}],"predecessor-version":[{"id":1213,"href":"https:\/\/iarp.edu.pl\/en\/wp-json\/wp\/v2\/posts\/1211\/revisions\/1213\/"}],"wp:attachment":[{"href":"https:\/\/iarp.edu.pl\/en\/wp-json\/wp\/v2\/media\/?parent=1211"}],"wp:term":[{"taxonomy":"category","embeddable":true,"href":"https:\/\/iarp.edu.pl\/en\/wp-json\/wp\/v2\/categories\/?post=1211"},{"taxonomy":"post_tag","embeddable":true,"href":"https:\/\/iarp.edu.pl\/en\/wp-json\/wp\/v2\/tags\/?post=1211"}],"curies":[{"name":"wp","href":"https:\/\/api.w.org\/{rel}","templated":true}]}}