{"id":1190,"date":"2015-09-19T10:00:57","date_gmt":"2015-09-19T10:00:57","guid":{"rendered":"http:\/\/iarp.edu.pl\/en\/?p=1190"},"modified":"2015-09-20T23:59:23","modified_gmt":"2015-09-20T23:59:23","slug":"european-commission-proposes-new-initiative-for-the-long-term-unemployed","status":"publish","type":"post","link":"https:\/\/iarp.edu.pl\/en\/news\/european-commission-proposes-new-initiative-for-the-long-term-unemployed\/","title":{"rendered":"European Commission proposes new initiative for the long-term unemployed"},"content":{"rendered":"<p>On 17th Sept European Commission <span style=\"color: #004882;\">announced another proposal concerning employment and social inclusion. This time the help will be directed to the long-term unemployed group (12 months or more).<\/span> The number of people in this difficult situation doubled since the 2007, and raised from 6 mln to 12 mln in 2014. Among those 12 mln as much as 60% remains unemployed for 2 years or more.<\/p>\n<p><!--more--><\/p>\n<p>Commission&#8217;s proposal includes <span style=\"color: #004882;\">three key steps<\/span>:<\/p>\n<ul>\n<li>Encourage the <span style=\"color: #004882;\">registration<\/span> of long-term unemployed with an employment service;<\/li>\n<li>Provide each registered long-term unemployed with an <span style=\"color: #004882;\">individual in-depth assessment<\/span> to identify their needs and potential at the latest at 18 months of unemployment;<\/li>\n<li>Offer a <span style=\"color: #004882;\">job integration agreement<\/span> to all registered long-term unemployed at the latest at 18 months.<\/li>\n<\/ul>\n<p>The job integration agreement should consist of a tailor-made plan to bring the long-term unemployed back to work. It can include, depending on the existing services in each Member State:<\/p>\n<ul>\n<li><span style=\"color: #004882;\">Mentoring,<\/span><\/li>\n<li><span style=\"color: #004882;\">Help with the job search,<\/span><\/li>\n<li><span style=\"color: #004882;\">Further education and training,<\/span><\/li>\n<li><span style=\"color: #004882;\">Support for housing, transport, child and care services or rehabilitation.<\/span><\/li>\n<\/ul>\n<p>The Commission will now present the proposal to the European Council and there, together with the representatives of the Member States, decisions will be made on the possible implementation of said proposal.<\/p>\n<p>&nbsp;<\/p>\n<p>For more information go to:<\/p>\n<ul>\n<li><span style=\"color: #004882;\">Proposal for a Council Recommendation<\/span> <a href=\"http:\/\/ec.europa.eu\/social\/BlobServlet?docId=14480&amp;langId=en\">[link]<\/a><\/li>\n<li><span style=\"color: #004882;\">Employment and Social Development Report 2014<\/span> <a href=\"http:\/\/ec.europa.eu\/social\/BlobServlet?docId=13404&amp;langId=en\">[link]<\/a><\/li>\n<\/ul>\n<p>&nbsp;<\/p>\n<p><em><span style=\"color: #999999; font-size: 10pt;\">\u0179r\u00f3d\u0142o: ec.europa.eu<\/span><\/em><\/p>\n","protected":false},"excerpt":{"rendered":"<p>On 17th Sept European Commission announced another proposal concerning employment and social inclusion. This time the help will be directed to the long-term unemployed group (12 months or more). The number of people in this difficult situation doubled since the 2007, and raised from 6 mln to 12 mln in 2014. Among those 12 mln [&hellip;]<\/p>\n","protected":false},"author":2,"featured_media":0,"comment_status":"closed","ping_status":"closed","sticky":false,"template":"","format":"standard","meta":{"_acf_changed":false,"_monsterinsights_skip_tracking":false,"_monsterinsights_sitenote_active":false,"_monsterinsights_sitenote_note":"","_monsterinsights_sitenote_category":0,"_jetpack_memberships_contains_paid_content":false,"footnotes":""},"categories":[6],"tags":[],"class_list":["post-1190","post","type-post","status-publish","format-standard","hentry","category-news"],"acf":[],"yoast_head":"<!-- This site is optimized with the Yoast SEO plugin v19.13 - https:\/\/yoast.com\/wordpress\/plugins\/seo\/ -->\n<title>European Commission proposes new initiative for the long-term unemployed &ndash; Instytut Analiz Rynku Pracy<\/title>\n<meta name=\"robots\" content=\"index, follow, max-snippet:-1, max-image-preview:large, max-video-preview:-1\" \/>\n<link rel=\"canonical\" href=\"https:\/\/iarp.edu.pl\/en\/news\/european-commission-proposes-new-initiative-for-the-long-term-unemployed\/\" \/>\n<meta property=\"og:locale\" content=\"en_US\" \/>\n<meta property=\"og:type\" content=\"article\" \/>\n<meta property=\"og:title\" content=\"European Commission proposes new initiative for the long-term unemployed &ndash; Instytut Analiz Rynku Pracy\" \/>\n<meta property=\"og:description\" content=\"On 17th Sept European Commission announced another proposal concerning employment and social inclusion. This time the help will be directed to the long-term unemployed group (12 months or more). The number of people in this difficult situation doubled since the 2007, and raised from 6 mln to 12 mln in 2014. Among those 12 mln [&hellip;]\" \/>\n<meta property=\"og:url\" content=\"https:\/\/iarp.edu.pl\/en\/news\/european-commission-proposes-new-initiative-for-the-long-term-unemployed\/\" \/>\n<meta property=\"og:site_name\" content=\"Instytut Analiz Rynku Pracy\" \/>\n<meta property=\"article:published_time\" content=\"2015-09-19T10:00:57+00:00\" \/>\n<meta property=\"article:modified_time\" content=\"2015-09-20T23:59:23+00:00\" \/>\n<meta name=\"author\" content=\"Paulina Szczepaniak\" \/>\n<meta name=\"twitter:label1\" content=\"Written by\" \/>\n\t<meta name=\"twitter:data1\" content=\"Paulina Szczepaniak\" \/>\n\t<meta name=\"twitter:label2\" content=\"Est. reading time\" \/>\n\t<meta name=\"twitter:data2\" content=\"1 minute\" \/>\n<script type=\"application\/ld+json\" class=\"yoast-schema-graph\">{\"@context\":\"https:\/\/schema.org\",\"@graph\":[{\"@type\":\"Article\",\"@id\":\"https:\/\/iarp.edu.pl\/en\/news\/european-commission-proposes-new-initiative-for-the-long-term-unemployed\/#article\",\"isPartOf\":{\"@id\":\"https:\/\/iarp.edu.pl\/en\/news\/european-commission-proposes-new-initiative-for-the-long-term-unemployed\/\"},\"author\":{\"name\":\"Paulina Szczepaniak\",\"@id\":\"https:\/\/iarp.edu.pl\/#\/schema\/person\/f468755756037c835a56dea1f254da98\"},\"headline\":\"European Commission proposes new initiative for the long-term unemployed\",\"datePublished\":\"2015-09-19T10:00:57+00:00\",\"dateModified\":\"2015-09-20T23:59:23+00:00\",\"mainEntityOfPage\":{\"@id\":\"https:\/\/iarp.edu.pl\/en\/news\/european-commission-proposes-new-initiative-for-the-long-term-unemployed\/\"},\"wordCount\":228,\"publisher\":{\"@id\":\"https:\/\/iarp.edu.pl\/#organization\"},\"articleSection\":[\"News\"],\"inLanguage\":\"en-US\"},{\"@type\":\"WebPage\",\"@id\":\"https:\/\/iarp.edu.pl\/en\/news\/european-commission-proposes-new-initiative-for-the-long-term-unemployed\/\",\"url\":\"https:\/\/iarp.edu.pl\/en\/news\/european-commission-proposes-new-initiative-for-the-long-term-unemployed\/\",\"name\":\"European Commission proposes new initiative for the long-term unemployed &ndash; Instytut Analiz Rynku Pracy\",\"isPartOf\":{\"@id\":\"https:\/\/iarp.edu.pl\/#website\"},\"datePublished\":\"2015-09-19T10:00:57+00:00\",\"dateModified\":\"2015-09-20T23:59:23+00:00\",\"breadcrumb\":{\"@id\":\"https:\/\/iarp.edu.pl\/en\/news\/european-commission-proposes-new-initiative-for-the-long-term-unemployed\/#breadcrumb\"},\"inLanguage\":\"en-US\",\"potentialAction\":[{\"@type\":\"ReadAction\",\"target\":[\"https:\/\/iarp.edu.pl\/en\/news\/european-commission-proposes-new-initiative-for-the-long-term-unemployed\/\"]}]},{\"@type\":\"BreadcrumbList\",\"@id\":\"https:\/\/iarp.edu.pl\/en\/news\/european-commission-proposes-new-initiative-for-the-long-term-unemployed\/#breadcrumb\",\"itemListElement\":[{\"@type\":\"ListItem\",\"position\":1,\"name\":\"Home\",\"item\":\"https:\/\/iarp.edu.pl\/en\/\"},{\"@type\":\"ListItem\",\"position\":2,\"name\":\"News\",\"item\":\"https:\/\/iarp.edu.pl\/en\/category\/news\/\"},{\"@type\":\"ListItem\",\"position\":3,\"name\":\"European Commission proposes new initiative for the long-term unemployed\"}]},{\"@type\":\"WebSite\",\"@id\":\"https:\/\/iarp.edu.pl\/#website\",\"url\":\"https:\/\/iarp.edu.pl\/\",\"name\":\"Instytut Analiz Rynku Pracy\",\"description\":\"\",\"publisher\":{\"@id\":\"https:\/\/iarp.edu.pl\/#organization\"},\"potentialAction\":[{\"@type\":\"SearchAction\",\"target\":{\"@type\":\"EntryPoint\",\"urlTemplate\":\"https:\/\/iarp.edu.pl\/?s={search_term_string}\"},\"query-input\":\"required name=search_term_string\"}],\"inLanguage\":\"en-US\"},{\"@type\":\"Organization\",\"@id\":\"https:\/\/iarp.edu.pl\/#organization\",\"name\":\"Instytut Analiz Rynku Pracy\",\"url\":\"https:\/\/iarp.edu.pl\/\",\"logo\":{\"@type\":\"ImageObject\",\"inLanguage\":\"en-US\",\"@id\":\"https:\/\/iarp.edu.pl\/#\/schema\/logo\/image\/\",\"url\":\"https:\/\/iarp.edu.pl\/wp-content\/uploads\/2015\/03\/logo_iarp.png\",\"contentUrl\":\"https:\/\/iarp.edu.pl\/wp-content\/uploads\/2015\/03\/logo_iarp.png\",\"width\":500,\"height\":500,\"caption\":\"Instytut Analiz Rynku Pracy\"},\"image\":{\"@id\":\"https:\/\/iarp.edu.pl\/#\/schema\/logo\/image\/\"}},{\"@type\":\"Person\",\"@id\":\"https:\/\/iarp.edu.pl\/#\/schema\/person\/f468755756037c835a56dea1f254da98\",\"name\":\"Paulina Szczepaniak\",\"image\":{\"@type\":\"ImageObject\",\"inLanguage\":\"en-US\",\"@id\":\"https:\/\/iarp.edu.pl\/#\/schema\/person\/image\/\",\"url\":\"https:\/\/secure.gravatar.com\/avatar\/48532fb892347a6b95a023bc8b25df9c76210b2b9edc61adf7dd676759127b91?s=96&d=mm&r=g\",\"contentUrl\":\"https:\/\/secure.gravatar.com\/avatar\/48532fb892347a6b95a023bc8b25df9c76210b2b9edc61adf7dd676759127b91?s=96&d=mm&r=g\",\"caption\":\"Paulina Szczepaniak\"},\"url\":\"https:\/\/iarp.edu.pl\/en\/author\/psz\/\"}]}<\/script>\n<!-- \/ Yoast SEO plugin. -->","yoast_head_json":{"title":"European Commission proposes new initiative for the long-term unemployed &ndash; Instytut Analiz Rynku Pracy","robots":{"index":"index","follow":"follow","max-snippet":"max-snippet:-1","max-image-preview":"max-image-preview:large","max-video-preview":"max-video-preview:-1"},"canonical":"https:\/\/iarp.edu.pl\/en\/news\/european-commission-proposes-new-initiative-for-the-long-term-unemployed\/","og_locale":"en_US","og_type":"article","og_title":"European Commission proposes new initiative for the long-term unemployed &ndash; Instytut Analiz Rynku Pracy","og_description":"On 17th Sept European Commission announced another proposal concerning employment and social inclusion. This time the help will be directed to the long-term unemployed group (12 months or more). The number of people in this difficult situation doubled since the 2007, and raised from 6 mln to 12 mln in 2014. Among those 12 mln [&hellip;]","og_url":"https:\/\/iarp.edu.pl\/en\/news\/european-commission-proposes-new-initiative-for-the-long-term-unemployed\/","og_site_name":"Instytut Analiz Rynku Pracy","article_published_time":"2015-09-19T10:00:57+00:00","article_modified_time":"2015-09-20T23:59:23+00:00","author":"Paulina Szczepaniak","twitter_misc":{"Written by":"Paulina Szczepaniak","Est. reading time":"1 minute"},"schema":{"@context":"https:\/\/schema.org","@graph":[{"@type":"Article","@id":"https:\/\/iarp.edu.pl\/en\/news\/european-commission-proposes-new-initiative-for-the-long-term-unemployed\/#article","isPartOf":{"@id":"https:\/\/iarp.edu.pl\/en\/news\/european-commission-proposes-new-initiative-for-the-long-term-unemployed\/"},"author":{"name":"Paulina Szczepaniak","@id":"https:\/\/iarp.edu.pl\/#\/schema\/person\/f468755756037c835a56dea1f254da98"},"headline":"European Commission proposes new initiative for the long-term unemployed","datePublished":"2015-09-19T10:00:57+00:00","dateModified":"2015-09-20T23:59:23+00:00","mainEntityOfPage":{"@id":"https:\/\/iarp.edu.pl\/en\/news\/european-commission-proposes-new-initiative-for-the-long-term-unemployed\/"},"wordCount":228,"publisher":{"@id":"https:\/\/iarp.edu.pl\/#organization"},"articleSection":["News"],"inLanguage":"en-US"},{"@type":"WebPage","@id":"https:\/\/iarp.edu.pl\/en\/news\/european-commission-proposes-new-initiative-for-the-long-term-unemployed\/","url":"https:\/\/iarp.edu.pl\/en\/news\/european-commission-proposes-new-initiative-for-the-long-term-unemployed\/","name":"European Commission proposes new initiative for the long-term unemployed &ndash; Instytut Analiz Rynku Pracy","isPartOf":{"@id":"https:\/\/iarp.edu.pl\/#website"},"datePublished":"2015-09-19T10:00:57+00:00","dateModified":"2015-09-20T23:59:23+00:00","breadcrumb":{"@id":"https:\/\/iarp.edu.pl\/en\/news\/european-commission-proposes-new-initiative-for-the-long-term-unemployed\/#breadcrumb"},"inLanguage":"en-US","potentialAction":[{"@type":"ReadAction","target":["https:\/\/iarp.edu.pl\/en\/news\/european-commission-proposes-new-initiative-for-the-long-term-unemployed\/"]}]},{"@type":"BreadcrumbList","@id":"https:\/\/iarp.edu.pl\/en\/news\/european-commission-proposes-new-initiative-for-the-long-term-unemployed\/#breadcrumb","itemListElement":[{"@type":"ListItem","position":1,"name":"Home","item":"https:\/\/iarp.edu.pl\/en\/"},{"@type":"ListItem","position":2,"name":"News","item":"https:\/\/iarp.edu.pl\/en\/category\/news\/"},{"@type":"ListItem","position":3,"name":"European Commission proposes new initiative for the long-term unemployed"}]},{"@type":"WebSite","@id":"https:\/\/iarp.edu.pl\/#website","url":"https:\/\/iarp.edu.pl\/","name":"Instytut Analiz Rynku Pracy","description":"","publisher":{"@id":"https:\/\/iarp.edu.pl\/#organization"},"potentialAction":[{"@type":"SearchAction","target":{"@type":"EntryPoint","urlTemplate":"https:\/\/iarp.edu.pl\/?s={search_term_string}"},"query-input":"required name=search_term_string"}],"inLanguage":"en-US"},{"@type":"Organization","@id":"https:\/\/iarp.edu.pl\/#organization","name":"Instytut Analiz Rynku Pracy","url":"https:\/\/iarp.edu.pl\/","logo":{"@type":"ImageObject","inLanguage":"en-US","@id":"https:\/\/iarp.edu.pl\/#\/schema\/logo\/image\/","url":"https:\/\/iarp.edu.pl\/wp-content\/uploads\/2015\/03\/logo_iarp.png","contentUrl":"https:\/\/iarp.edu.pl\/wp-content\/uploads\/2015\/03\/logo_iarp.png","width":500,"height":500,"caption":"Instytut Analiz Rynku Pracy"},"image":{"@id":"https:\/\/iarp.edu.pl\/#\/schema\/logo\/image\/"}},{"@type":"Person","@id":"https:\/\/iarp.edu.pl\/#\/schema\/person\/f468755756037c835a56dea1f254da98","name":"Paulina Szczepaniak","image":{"@type":"ImageObject","inLanguage":"en-US","@id":"https:\/\/iarp.edu.pl\/#\/schema\/person\/image\/","url":"https:\/\/secure.gravatar.com\/avatar\/48532fb892347a6b95a023bc8b25df9c76210b2b9edc61adf7dd676759127b91?s=96&d=mm&r=g","contentUrl":"https:\/\/secure.gravatar.com\/avatar\/48532fb892347a6b95a023bc8b25df9c76210b2b9edc61adf7dd676759127b91?s=96&d=mm&r=g","caption":"Paulina Szczepaniak"},"url":"https:\/\/iarp.edu.pl\/en\/author\/psz\/"}]}},"jetpack_featured_media_url":"","jetpack_sharing_enabled":true,"jetpack_shortlink":"https:\/\/wp.me\/p672jZ-jc","_links":{"self":[{"href":"https:\/\/iarp.edu.pl\/en\/wp-json\/wp\/v2\/posts\/1190\/"}],"collection":[{"href":"https:\/\/iarp.edu.pl\/en\/wp-json\/wp\/v2\/posts\/"}],"about":[{"href":"https:\/\/iarp.edu.pl\/en\/wp-json\/wp\/v2\/types\/post\/"}],"author":[{"embeddable":true,"href":"https:\/\/iarp.edu.pl\/en\/wp-json\/wp\/v2\/users\/2\/"}],"replies":[{"embeddable":true,"href":"https:\/\/iarp.edu.pl\/en\/wp-json\/wp\/v2\/comments\/?post=1190"}],"version-history":[{"count":4,"href":"https:\/\/iarp.edu.pl\/en\/wp-json\/wp\/v2\/posts\/1190\/revisions\/"}],"predecessor-version":[{"id":1193,"href":"https:\/\/iarp.edu.pl\/en\/wp-json\/wp\/v2\/posts\/1190\/revisions\/1193\/"}],"wp:attachment":[{"href":"https:\/\/iarp.edu.pl\/en\/wp-json\/wp\/v2\/media\/?parent=1190"}],"wp:term":[{"taxonomy":"category","embeddable":true,"href":"https:\/\/iarp.edu.pl\/en\/wp-json\/wp\/v2\/categories\/?post=1190"},{"taxonomy":"post_tag","embeddable":true,"href":"https:\/\/iarp.edu.pl\/en\/wp-json\/wp\/v2\/tags\/?post=1190"}],"curies":[{"name":"wp","href":"https:\/\/api.w.org\/{rel}","templated":true}]}}